{"id":309,"date":"2019-05-07T20:21:47","date_gmt":"2019-05-07T18:21:47","guid":{"rendered":"http:\/\/www.e-pedal.fr\/?p=309"},"modified":"2020-11-20T12:44:57","modified_gmt":"2020-11-20T11:44:57","slug":"canoe-bike","status":"publish","type":"post","link":"https:\/\/www.e-pedal.fr\/fr\/articles\/canoe-bike\/","title":{"rendered":"CANO&rsquo;\u00cb-BIKE"},"content":{"rendered":"<div class=\"wpb-content-wrapper\"><p>[vc_row][vc_column][vc_column_text]<\/p>\n<h2>Que ce soit sur l\u2019eau ou sur terre restez dans le courant !<\/h2>\n<p>C\u2019est tout naturellement que Benjamin et moi-m\u00eame proposons l\u2019association de deux activit\u00e9s hyper ludiques et accessibles au plus grand nombre. Venez pagayer au fil de l\u2019eau sur la Durance, \u00e0 bord d\u2019un cano\u00eb ou p\u00e9daler \u00e0 v\u00e9lo \u00e9lectrique pour d\u00e9couvrir les balcons de la Durance sans se faire mal !<\/p>\n<p>Depuis Tallard une navette vous am\u00e8ne au d\u00e9part du Cano\u00eb. Apr\u00e8s avoir \u00e9cout\u00e9 les conseils bienveillants de Benjamin, c\u2019est parti pour 6km de descente depuis le Pont de L&rsquo;archidiacre. Un pont tristement c\u00e9l\u00e8bre par l&rsquo;ex\u00e9cution de \u00ab\u00a0soi-disant\u00a0\u00bb collabos 6 mois apr\u00e8s la lib\u00e9ration&#8230;. La rivi\u00e8re sera plus calme mais parsem\u00e9e d&rsquo;une 15aine de \u00ab\u00a0petits\u00a0\u00bb rapides qui mettent l&rsquo;ambiance. Id\u00e9al pour une bataille d&rsquo;eau en famille ou entre amis ! Ou pour faire une petite course en \u00e9vitant les bancs graveleux et en privil\u00e9giant les bras d&rsquo;eau plus rapides&#8230;<\/p>\n<p>Le cano\u00eb est \u00e9galement propice \u00e0 la d\u00e9tente, il est facile de se nourrir de la s\u00e9r\u00e9nit\u00e9 des lieux, berc\u00e9 par le flop flop de l&rsquo;eau contre le bateau : vous pourrez alors surprendre l&rsquo;envol du h\u00e9ron avec son allure tr\u00e8s lourde et ses puissants coups d\u2019ailes, ou la d\u00e9ambulation de l&rsquo;aigrette \u00e0 travers les branchages de la ripisylve.<\/p>\n<p><img loading=\"lazy\" decoding=\"async\" class=\"size-medium wp-image-314 alignleft\" src=\"https:\/\/www.e-pedal.fr\/wp-content\/uploads\/2019\/05\/33546416168_d12c776da4_k_d1-300x200.jpg\" alt=\"Urtis\" width=\"300\" height=\"200\" srcset=\"https:\/\/www.e-pedal.fr\/wp-content\/uploads\/2019\/05\/33546416168_d12c776da4_k_d1-300x200.jpg 300w, https:\/\/www.e-pedal.fr\/wp-content\/uploads\/2019\/05\/33546416168_d12c776da4_k_d1-768x512.jpg 768w, https:\/\/www.e-pedal.fr\/wp-content\/uploads\/2019\/05\/33546416168_d12c776da4_k_d1-1024x683.jpg 1024w, https:\/\/www.e-pedal.fr\/wp-content\/uploads\/2019\/05\/33546416168_d12c776da4_k_d1-219x146.jpg 219w, https:\/\/www.e-pedal.fr\/wp-content\/uploads\/2019\/05\/33546416168_d12c776da4_k_d1-50x33.jpg 50w, https:\/\/www.e-pedal.fr\/wp-content\/uploads\/2019\/05\/33546416168_d12c776da4_k_d1-112x75.jpg 112w, https:\/\/www.e-pedal.fr\/wp-content\/uploads\/2019\/05\/33546416168_d12c776da4_k_d1.jpg 2047w\" sizes=\"auto, (max-width: 300px) 100vw, 300px\" \/><\/p>\n<p>De retour \u00e0 Tallard troquez la pagaie pour un guidon et d\u00e9gourdissez-vous les jambes ! Destinations les Hautes terres et les villages perch\u00e9s de Curbans Urtis Venterol. L\u2019itin\u00e9raire serait tr\u00e8s difficile sans moteur mais le v\u00e9lo \u00e9lectrique fourni une aide \u00e9norme pour atteindre ces villages construits sur les hauteurs pour \u00e9viter les crues. Des nids d&rsquo;aigles parfois. Cette situation dominante avait \u00e9galement l&rsquo;int\u00e9r\u00eat de veiller sur l&rsquo;acc\u00e8s au village et sa s\u00e9curit\u00e9 ! Les bandits \u00e9taient vite rep\u00e9r\u00e9s.<\/p>\n<p><img loading=\"lazy\" decoding=\"async\" class=\"size-medium wp-image-315 alignright\" src=\"https:\/\/www.e-pedal.fr\/wp-content\/uploads\/2019\/05\/chateau-Tallard-300x200.jpg\" alt=\"\" width=\"300\" height=\"200\" srcset=\"https:\/\/www.e-pedal.fr\/wp-content\/uploads\/2019\/05\/chateau-Tallard-300x200.jpg 300w, https:\/\/www.e-pedal.fr\/wp-content\/uploads\/2019\/05\/chateau-Tallard-768x512.jpg 768w, https:\/\/www.e-pedal.fr\/wp-content\/uploads\/2019\/05\/chateau-Tallard-219x146.jpg 219w, https:\/\/www.e-pedal.fr\/wp-content\/uploads\/2019\/05\/chateau-Tallard-50x33.jpg 50w, https:\/\/www.e-pedal.fr\/wp-content\/uploads\/2019\/05\/chateau-Tallard-113x75.jpg 113w, https:\/\/www.e-pedal.fr\/wp-content\/uploads\/2019\/05\/chateau-Tallard.jpg 900w\" sizes=\"auto, (max-width: 300px) 100vw, 300px\" \/>Le v\u00e9lo \u00e9lectrique est un bon moyen de d\u00e9couvrir en faisant juste ce qu&rsquo;il faut d&rsquo;effort et profiter de l&rsquo;environnement qui nous entoure. Prendre son temps, se permettre un d\u00e9tour. Et cela tous ensemble peu importe son niveau physique. Vous d\u00e9couvrirez \u00e9galement la centrale \u00e9lectrique et le barrage de Curbans, les vignobles des Hautes Alpes, le point de vue de Venterol \u2026.<\/p>\n<p>La soir\u00e9e peut se poursuivre au bord de l\u2019eau autour de grillades et d&rsquo;un verre de vin local du Domaine de Tresbaudon, ou sur les terrasses accueillantes de Tallard. Le village m\u00e9rite un d\u00e9tour avec son ch\u00e2teau, ses ruelles et calades pav\u00e9es, o\u00f9 la lumi\u00e8re se joue de l\u2019ombre sur les vieux murs de pierre, o\u00f9 les fontaines chantent encore d\u2019une eau si fra\u00eeche<\/p>\n<h4>D\u00e9couverte \u00e0 la demi journ\u00e9e, \u00e0 partir de 7 ans &#8211;<\/h4>\n<p>cano\u00eb 6 km : 1h 1h30 d\u00e9part 15 ou 16 h<br \/>\nv\u00e9lo electrique (accompagn\u00e9 ou non): 15 20 km 2h d\u00e9part 16 ou 17h<\/p>\n<h4>Version week end sportif :<\/h4>\n<p>Samedi Canoe : 15 kilometres 3 \u00e0 5h d\u00e9part toutes les 1h30 le matin. pause repas possible aux 3 Lacs<br \/>\nDimanche : V\u00e9lo \u00e9lectrique 40 -50 kilom\u00e8tres VTT ou VTC (accompagn\u00e9 ou non)<\/p>\n<p>E-PEDAL : Manu 06 86 76 24 48 <a href=\"mailto:epedal05@gmail.com\">epedal05@gmail.com<\/a><br \/>\nDurance Canoe : Benjamin 06 72 39 09 56 <a href=\"http:\/\/www.durance-canoe.com\">www.durance-canoe.com<\/a>\u00a0&#8211;\u00a0 <a href=\"mailto:info@durance-canoe.com\">info@durance-canoe.com<\/a>[\/vc_column_text][\/vc_column][\/vc_row]<\/p>\n<\/div>","protected":false},"excerpt":{"rendered":"<p>[vc_row][vc_column][vc_column_text] Que ce soit sur l\u2019eau ou sur terre restez dans le courant ! C\u2019est tout naturellement que Benjamin et moi-m\u00eame proposons l\u2019association de deux activit\u00e9s hyper ludiques et accessibles au plus grand nombre. Venez pagayer au fil de l\u2019eau sur la Durance, \u00e0 bord d\u2019un cano\u00eb ou p\u00e9daler \u00e0 v\u00e9lo \u00e9lectrique pour d\u00e9couvrir les&hellip;<\/p>\n","protected":false},"author":3,"featured_media":313,"comment_status":"closed","ping_status":"open","sticky":false,"template":"","format":"standard","meta":{"_acf_changed":false,"footnotes":""},"categories":[3,44,43],"tags":[65,22,62,27,36,47,37,39,40,25],"class_list":["post-309","post","type-post","status-publish","format-standard","has-post-thumbnail","hentry","category-actualite","category-sejours","category-sorties","tag-canoe","tag-electrique","tag-emtb","tag-gap","tag-location","tag-provence","tag-randonnee","tag-sejour","tag-tallard","tag-velo","category-3","category-44","category-43","description-off"],"acf":[],"_links":{"self":[{"href":"https:\/\/www.e-pedal.fr\/fr\/wp-json\/wp\/v2\/posts\/309","targetHints":{"allow":["GET"]}}],"collection":[{"href":"https:\/\/www.e-pedal.fr\/fr\/wp-json\/wp\/v2\/posts"}],"about":[{"href":"https:\/\/www.e-pedal.fr\/fr\/wp-json\/wp\/v2\/types\/post"}],"author":[{"embeddable":true,"href":"https:\/\/www.e-pedal.fr\/fr\/wp-json\/wp\/v2\/users\/3"}],"replies":[{"embeddable":true,"href":"https:\/\/www.e-pedal.fr\/fr\/wp-json\/wp\/v2\/comments?post=309"}],"version-history":[{"count":10,"href":"https:\/\/www.e-pedal.fr\/fr\/wp-json\/wp\/v2\/posts\/309\/revisions"}],"predecessor-version":[{"id":704,"href":"https:\/\/www.e-pedal.fr\/fr\/wp-json\/wp\/v2\/posts\/309\/revisions\/704"}],"wp:featuredmedia":[{"embeddable":true,"href":"https:\/\/www.e-pedal.fr\/fr\/wp-json\/wp\/v2\/media\/313"}],"wp:attachment":[{"href":"https:\/\/www.e-pedal.fr\/fr\/wp-json\/wp\/v2\/media?parent=309"}],"wp:term":[{"taxonomy":"category","embeddable":true,"href":"https:\/\/www.e-pedal.fr\/fr\/wp-json\/wp\/v2\/categories?post=309"},{"taxonomy":"post_tag","embeddable":true,"href":"https:\/\/www.e-pedal.fr\/fr\/wp-json\/wp\/v2\/tags?post=309"}],"curies":[{"name":"wp","href":"https:\/\/api.w.org\/{rel}","templated":true}]}}