{"id":261,"date":"2019-01-25T16:20:34","date_gmt":"2019-01-25T15:20:34","guid":{"rendered":"http:\/\/www.e-pedal.fr\/?p=261"},"modified":"2020-10-08T12:55:18","modified_gmt":"2020-10-08T10:55:18","slug":"offre-de-stage-webmaster-charge-de-mission-communication","status":"publish","type":"post","link":"https:\/\/www.e-pedal.fr\/fr\/articles\/offre-de-stage-webmaster-charge-de-mission-communication\/","title":{"rendered":"Offre de stage webmaster \/  charg\u00e9 de mission communication"},"content":{"rendered":"<h1 style=\"text-align: center;\">Offre de STAGE&nbsp;: webmaster \/<br \/>\ncharg\u00e9 de mission communication<\/h1>\n<p>&nbsp;<\/p>\n<p>Dans le cadre de son d\u00e9veloppement, la toute nouvelle soci\u00e9t\u00e9 E-PEDAL, entreprise de location et de balade \u00e0 v\u00e9los \u00e9lectriques recherche un(e) stagiaire pour d\u00e9velopper son activit\u00e9 touristique.<\/p>\n<h3>Missions<\/h3>\n<p>En lien avec le pr\u00e9sident de E-Pedal, vous travaillerez sur le d\u00e9veloppement de la communication de E-PEDAL dans son ensemble.<\/p>\n<ul>\n<li><strong>Webmaster&nbsp;:<\/strong> Proposer la mise en place d\u2019une strat\u00e9gie de promotion et de communication online, d\u00e9veloppement du site internet (WordPress), mise en place de google Analytics, mise en \u0153uvre d\u2019actions d\u2019am\u00e9lioration du r\u00e9f\u00e9rencement du site, d\u00e9veloppement de nouveaux contenus (<\/li>\n<li><strong>Community management :<\/strong> \u00e9laboration d\u2019une strat\u00e9gie sociale media, animation de communaut\u00e9s (Facebook, Instagram) avec un discours et des contenus sp\u00e9cifiques. D\u00e9veloppement des audiences, analyse et synth\u00e8se. Gestion des contenus photos et vid\u00e9os : externalisation et&nbsp;:\/ou production interne selon comp\u00e9tences.<\/li>\n<li>Cr\u00e9ation de contenus pour la communication print<\/li>\n<li>Assurer le suivi et la mise \u00e0 jour des bases de donn\u00e9es clients et partenaires.<\/li>\n<\/ul>\n<p>&nbsp;<\/p>\n<p>Missions secondaires<\/p>\n<ul>\n<li>Accueil information du public<\/li>\n<li>Selon comp\u00e9tence, r\u00e9alisation de vid\u00e9o de promotion, de contenus type topo guide en ligne.<\/li>\n<\/ul>\n<h3>Profil<\/h3>\n<p>Bac +3\/+5 Communication digitale, Community management, E-Marketing, Tourisme<\/p>\n<table>\n<tbody>\n<tr>\n<td width=\"360\"><strong>Savoir-faire<\/strong><\/p>\n<p>&#8211;&nbsp;&nbsp;&nbsp;&nbsp;&nbsp;&nbsp; Ma\u00eetrise du Pack Office,<\/p>\n<p>&#8211;&nbsp;&nbsp;&nbsp;&nbsp;&nbsp;&nbsp; Connaissance du langage HTML et de WordPress<\/p>\n<p>&#8211;&nbsp;&nbsp;&nbsp;&nbsp;&nbsp;&nbsp; Bonne connaissance des r\u00e9seaux sociaux<\/p>\n<p>&#8211;&nbsp;&nbsp;&nbsp;&nbsp;&nbsp;&nbsp; Qualit\u00e9s r\u00e9dactionnelles esprit de synth\u00e8se, autonome.<\/p>\n<p>&#8211;&nbsp;&nbsp;&nbsp;&nbsp;&nbsp;&nbsp; Permis B obligatoire<\/p>\n<p><strong>&nbsp;<\/strong><\/p>\n<p><strong>Serait un plus&nbsp;: <\/strong><\/p>\n<p>&#8211;&nbsp;&nbsp;&nbsp;&nbsp;&nbsp;&nbsp; Maitrise de la photographie<\/p>\n<p>&#8211;&nbsp;&nbsp;&nbsp;&nbsp;&nbsp;&nbsp; Maitrise des outils PAO et montage vid\u00e9o<\/p>\n<p>&#8211;&nbsp;&nbsp;&nbsp;&nbsp;&nbsp;&nbsp; Anglais courant<\/p>\n<p>&#8211;&nbsp;&nbsp;&nbsp;&nbsp;&nbsp;&nbsp; Attrait pour le monde du Tourisme<\/td>\n<td width=\"360\"><strong>Savoir-\u00eatre<\/strong><\/p>\n<p>&#8211;&nbsp;&nbsp;&nbsp;&nbsp;&nbsp;&nbsp; Sens de la p\u00e9dagogie<\/p>\n<p>&#8211;&nbsp;&nbsp;&nbsp;&nbsp;&nbsp;&nbsp; Aisance relationnelle<\/p>\n<p>&#8211;&nbsp;&nbsp;&nbsp;&nbsp;&nbsp;&nbsp; Grande ouverture \u00e0 l\u2019environnement sociologique, num\u00e9rique, \u00e9conomique\u2026<\/p>\n<p>&#8211;&nbsp;&nbsp;&nbsp;&nbsp;&nbsp;&nbsp; Forte capacit\u00e9 \u00e0 travailler en autonomie<\/p>\n<p>&#8211;&nbsp;&nbsp;&nbsp;&nbsp;&nbsp;&nbsp; Curiosit\u00e9, dynamisme, rigueur, porteur d\u2019id\u00e9es, enthousiasme<\/td>\n<\/tr>\n<\/tbody>\n<\/table>\n<p><strong>Conditions<\/strong><\/p>\n<p>A adapter selon les profils et exigences de l\u2019\u00e9cole \u2013 contrat en alternance possible<\/p>\n<p>Vehicule de fonction possible&nbsp;: un v\u00e9lo \u00e9lectrique Moustache bikes&nbsp;!<\/p>\n<p>A pourvoir rapidement<\/p>\n<h3>Contact<\/h3>\n<p>CV et lettre de motivation \u00e0 envoyer \u00e0 l\u2019attention de Emmanuel DANJOU <a href=\"mailto:epedal05@gmail.com\">epedal05@gmail.com<\/a><\/p>\n<p>06 86 76 24 48&nbsp; www.e-pedal.fr<\/p>\n","protected":false},"excerpt":{"rendered":"<p>Offre de STAGE&nbsp;: webmaster \/ charg\u00e9 de mission communication &nbsp; Dans le cadre de son d\u00e9veloppement, la toute nouvelle soci\u00e9t\u00e9 E-PEDAL, entreprise de location et de balade \u00e0 v\u00e9los \u00e9lectriques recherche un(e) stagiaire pour d\u00e9velopper son activit\u00e9 touristique. Missions En lien avec le pr\u00e9sident de E-Pedal, vous travaillerez sur le d\u00e9veloppement de la communication de&hellip;<\/p>\n","protected":false},"author":3,"featured_media":245,"comment_status":"closed","ping_status":"open","sticky":false,"template":"","format":"standard","meta":{"_acf_changed":false,"footnotes":""},"categories":[3],"tags":[],"class_list":["post-261","post","type-post","status-publish","format-standard","has-post-thumbnail","hentry","category-actualite","category-3","description-off"],"acf":[],"_links":{"self":[{"href":"https:\/\/www.e-pedal.fr\/fr\/wp-json\/wp\/v2\/posts\/261","targetHints":{"allow":["GET"]}}],"collection":[{"href":"https:\/\/www.e-pedal.fr\/fr\/wp-json\/wp\/v2\/posts"}],"about":[{"href":"https:\/\/www.e-pedal.fr\/fr\/wp-json\/wp\/v2\/types\/post"}],"author":[{"embeddable":true,"href":"https:\/\/www.e-pedal.fr\/fr\/wp-json\/wp\/v2\/users\/3"}],"replies":[{"embeddable":true,"href":"https:\/\/www.e-pedal.fr\/fr\/wp-json\/wp\/v2\/comments?post=261"}],"version-history":[{"count":2,"href":"https:\/\/www.e-pedal.fr\/fr\/wp-json\/wp\/v2\/posts\/261\/revisions"}],"predecessor-version":[{"id":477,"href":"https:\/\/www.e-pedal.fr\/fr\/wp-json\/wp\/v2\/posts\/261\/revisions\/477"}],"wp:featuredmedia":[{"embeddable":true,"href":"https:\/\/www.e-pedal.fr\/fr\/wp-json\/wp\/v2\/media\/245"}],"wp:attachment":[{"href":"https:\/\/www.e-pedal.fr\/fr\/wp-json\/wp\/v2\/media?parent=261"}],"wp:term":[{"taxonomy":"category","embeddable":true,"href":"https:\/\/www.e-pedal.fr\/fr\/wp-json\/wp\/v2\/categories?post=261"},{"taxonomy":"post_tag","embeddable":true,"href":"https:\/\/www.e-pedal.fr\/fr\/wp-json\/wp\/v2\/tags?post=261"}],"curies":[{"name":"wp","href":"https:\/\/api.w.org\/{rel}","templated":true}]}}